{"id":59,"date":"2024-04-09T21:13:53","date_gmt":"2024-04-10T02:13:53","guid":{"rendered":"https:\/\/amicatcat.blog\/?p=59"},"modified":"2024-04-10T18:52:01","modified_gmt":"2024-04-10T23:52:01","slug":"fe","status":"publish","type":"post","link":"https:\/\/amicatcat.blog\/?p=59","title":{"rendered":"Fe"},"content":{"rendered":"\n<p>Creo firmemente en la Iglesia, en Jes\u00fas, en la salvaci\u00f3n que se nos ha presentado por medio de \u00e9l. Pero no ciegamente. Creer en lo que es la verdad ciegamente es una gracia con la que algunos cuentan, pero la mayor\u00eda de nosotros hemos tenido o tendremos dudas en alg\u00fan momento de nuestras vidas. Y eso no est\u00e1 mal, el razonar es parte de nuestra naturaleza humana, de hecho, una que nos da dignidad de humanos, que nos ha dado Dios mismo, y no tiene sentido ignorar dudas que tenemos, profesar algo que no creemos al 100%, no si es por el resto de nuestras vidas. Y la verdad es que creer en Dios es algo que se sale del marco de lo que podemos probar, pero por eso Dios se nos ha revelado, y solo necesitamos Fe para creer.<\/p>\n\n\n\n<p>Fe? Suena a que lo que no entiendo no lo tengo que explicar sino simplemente digo que lo creo por \u201cfe\u201d. \u00bfEs una forma de justificar nuestras creencias, dado que las necesitamos, pero no porque est\u00e9n realmente justificadas?<\/p>\n\n\n\n<p>No. Ese es un entendimiento pobre de la Fe. La Fe no es ciega, no depende de sentimientos, y no va en contra de la raz\u00f3n<\/p>\n\n\n\n<p>De hecho, existen muchos argumentos filos\u00f3ficos que prueban la existencia de Dios. En una \u00e9poca los estudi\u00e9 y vi diversos debates entre representantes de las posiciones te\u00edsta y atea. Por supuesto, existen tambi\u00e9n los contraargumentos, y estos a su vez tambi\u00e9n pueden ser contraargumentados, ad infinitum. Para algunos tipos de persona, creo que es una etapa necesaria. Despu\u00e9s de un tiempo empec\u00e9 a ver estos argumentos m\u00e1s como una conversaci\u00f3n que como debates, porque siempre hay algo m\u00e1s que decir, y es interesante continuar el hilo de la persona opuesta. Pero algo que eventualmente conclu\u00ed es que para identificarse tanto con la posici\u00f3n te\u00edsta como con la atea, hay que dar un\u00a0<em>salto de fe.\u00a0<\/em>La raz\u00f3n es simple: nunca vamos a poder tener una respuesta concreta en esta vida, porque Dios (lo que los cristianos entendemos por Dios) no es un elemento de este mundo que podamos observar, o que podamos medir, o que podamos comprobar.<\/p>\n\n\n\n<p>Pero eso no quiere decir que el creer que Dios existe o que no existe sea irracional. Hay buenas razones para creer que existe. Y supongo que habr\u00e1n quienes encuentren que las razones para creer que no existe son lo suficientemente razonables. Pero la Fe no son las razones, y tampoco es creer ciegamente.<\/p>\n\n\n\n<p>Dios mismo lo ha revelado, y tenemos buenas razones para creer que as\u00ed ha sido, algunas m\u00e1s intuitivas, otras m\u00e1s hist\u00f3ricas y cient\u00edficas.<\/p>\n\n\n\n<p>Si bien la Biblia es un conjunto de libros inspirados por Dios, y hay que saberla leer en su contexto y en su forma literaria, es claro que narra y explora hechos reales que han tenido lugar en la historia. No es algo nuevo, ya muchos historiadores lo han comprobado por nosotros, tanto creyentes como no creyentes. Los hechos del Antiguo Testamento son m\u00e1s dif\u00edciles de comprobar, sin embargo, hay muchos rastros de que su contenido coincide con lo que se ha encontrado sobre las civilizaciones que existieron en esa parte del mundo, en esos tiempos. El Nuevo Testamento narra hechos menos remotos y, si en algo est\u00e1n de acuerdo los historiadores m\u00e1s reputados, es que existi\u00f3 un hombre llamado Jes\u00fas de Nazaret, y que muri\u00f3 crucificado a manos de los romanos.<\/p>\n\n\n\n<p>La Fe es una respuesta al llamado de Dios. \u00c9l se ha revelado en la historia y en nuestros corazones. No de la misma forma para todas las personas y no al mismo tiempo, pero si nos da la oportunidad de escuchar su Evangelio, es nuestro turno de responder, de decir que s\u00ed a \u00e9l y dejarlo dirigir nuestras vidas.<\/p>\n\n\n\n<p>La Fe no es un ejercicio intelectual o una convicci\u00f3n mental. Es parte de nuestra experiencia de vida. No se trata solo de creer, ni ir en contra de nuestra raz\u00f3n o que no nos importe la ciencia, sino que va m\u00e1s all\u00e1 de la raz\u00f3n, y toma acci\u00f3n. Como cuando era peque\u00f1a y me tiraba de algo alto a los brazos de mi pap\u00e1; ten\u00eda sentido creer que \u00e9l me atrapar\u00eda, dado que estaba ah\u00ed abajo esper\u00e1ndome, sab\u00eda que ten\u00eda suficiente fuerza para atraparme y me dec\u00eda que lo iba hacer, sin embargo, solo esas razones no me habr\u00edan bastado para tirarme. No tendr\u00eda sentido tirarme sin tener buenas razones para creer que mi pap\u00e1 me atrapar\u00eda, pero al fin y al cabo, el lanzarme y esperar que \u00e9l lo hiciera era un salto de fe. Por el contrario, hay situaciones en las que tengo razones para confiar pero no tengo fe. En mi caso, nunca me he montado a una monta\u00f1a rusa, porque, aunque me muestren estad\u00edsticas de que casi nadie ha tenido accidentes en ellas o me muestren que los cinturones de seguridad son buenos, puede que sean buenas razones, pero no tengo fe en las monta\u00f1as rusas y no me he atrevido a montarme &#8211; es un salto de fe que no estoy dispuesta a dar. Por otro lado, tener fe sin razones ser\u00eda simplemente est\u00fapido. Por qu\u00e9 confiar\u00eda mi vida a alguien que no me ha dado razones para creer en \u00e9l?<\/p>\n\n\n\n<p>Pero Dios me ha dado razones para creer en \u00c9l. No solo creo que existe, sino que creo en \u00c9l. Para m\u00ed el salto de Fe es peque\u00f1o y muy natural, mientras que no creer en \u00c9l ser\u00eda un salto de fe m\u00e1s grande, algo tonto, dado que no tengo buenas razones para no creer en Dios. Entiendo que no sea ese el caso para todas las personas, pero conf\u00edo en que, si cada quien le da la oportunidad, Dios llegar\u00e1 a sus vidas de una forma u otra. Depende de la persona el c\u00f3mo responder\u00e1 a su llamado. No todos tenemos la misma historia, y no se supone que la tengamos. Dios nos hizo tan diferentes como los copos de nieve; cada quien tiene una historia \u00fanica, que puede permitir ser hermosa y especial en su propia forma, de la mano de Dios.<\/p>\n\n\n\n<p>Por eso es que la Fe es una virtud. Porque no es solo aceptar la verdad, sino vivir como si fuera verdad. Tener Fe en Dios no es simplemente estar de acuerdo con ciertos hechos o argumentos. Una vez alguien reconoce que existe Dios y que Jes\u00fas nos ha salvado, y tantas otras doctrinas de la Iglesia, hay diferentes formas de seguir viviendo. Uno puede conocer una verdad pero ignorarla por el resto de su vida. Una persona que hace eso no tiene Fe, aunque afirme verdades. Pero tenemos la libertad de escoger actuar como si crey\u00e9ramos de verdad en Dios, en cada momento del d\u00eda, cada d\u00eda de nuestras vidas. Una vez pasado el obst\u00e1culo de las razones para creer o no creer, lo que sigue es m\u00e1s importante: la acci\u00f3n. <\/p>\n\n\n\n<p>Si tengo Fe en Dios, tengo una relaci\u00f3n con \u00c9l, en la que me puedo entregar del todo a \u00c9l, porque no conozco las razones, sino que lo conozco a \u00c9l, conf\u00edo en \u00c9l, al punto en que le puedo dar toda mi vida a \u00c9l; como lo han hecho los santos, como lo hizo Abel, Henoc, No\u00e9, Abrah\u00e1n, Isaac, Jacob, Jos\u00e9, Mois\u00e9s\u2026<\/p>\n\n\n\n<blockquote class=\"wp-block-quote is-layout-flow wp-block-quote-is-layout-flow\">\n<p>Hebreos 11<\/p>\n\n\n\n<p>La fe es fundamento de las cosas que se esperan, prueba de las que no se ven. Por ella los antepasados han recibido un testimonio. Por la fe, sabemos que el universo fue formado por la palabra de Dios, de modo que las cosas visibles llegaron a la existencia a partir de lo invisible.\u00a0<\/p>\n\n\n\n<p>Por la fe, Abel ofreci\u00f3 a Dios un sacrificio mejor que el de Ca\u00edn; por ella fue declarado justo al aceptar Dios sus ofrendas, y por la fe, aun despu\u00e9s de muerto, todav\u00eda habla.\u00a0<\/p>\n\n\n\n<p>Por la fe, Henoc fue arrebatado para que no viera la muerte, y no se le encontr\u00f3, porque Dios se lo hab\u00eda llevado: antes de su tr\u00e1nsito recibi\u00f3 el testimonio de haber agradado a Dios. Sin fe, en efecto, es imposible agradarle, porque el que se acerca a Dios debe creer que existe y que premia a quienes le buscan.\u00a0<\/p>\n\n\n\n<p>Por la fe, No\u00e9, prevenido por Dios acerca de lo que a\u00fan no se ve\u00eda, construy\u00f3 con religioso temor un arca para la salvaci\u00f3n de su familia, y por esta fe conden\u00f3 al mundo y lleg\u00f3 a ser heredero de la justicia seg\u00fan la fe.\u00a0<\/p>\n\n\n\n<p>Por la fe, Abrah\u00e1n obedeci\u00f3 al ser llamado para ir al lugar que iba a recibir en herencia, y sali\u00f3 sin saber ad\u00f3nde marchaba. Por la fe, peregrin\u00f3 por la tierra prometida como en tierra extra\u00f1a, y habit\u00f3 en tiendas, igual que har\u00edan Isaac y Jacob, coherederos de las mismas promesas; porque esperaba la ciudad fundada sobre cimientos, cuyo arquitecto y constructor es Dios. Por la fe, tambi\u00e9n Sara, que era est\u00e9ril, recibi\u00f3 vigor para concebir, aun superada ya la edad oportuna, porque crey\u00f3 que era digno de fe el que se lo hab\u00eda prometido. De modo que de uno solo, y ya decr\u00e9pito, nacieron hijos tan numerosos como las estrellas del cielo e incontables como las arenas de las playas del mar.\u00a0<\/p>\n\n\n\n<p>En la fe, murieron todos ellos, sin haber conseguido las promesas, sino vi\u00e9ndolas y salud\u00e1ndolas desde lejos, y reconociendo que eran peregrinos y forasteros en la tierra. Los que hablaban as\u00ed manifestaban que iban en busca de una patria. Pues si hubieran a\u00f1orado la tierra de la que hab\u00edan salido, habr\u00edan tenido ocasi\u00f3n de volver a ella. Pero aspiraban a una patria mejor, es decir, a la celestial. Por eso, Dios no se averg\u00fcenza de ser llamado Dios suyo, porque les ha preparado una ciudad.\u00a0<\/p>\n\n\n\n<p>Por la fe, Abrah\u00e1n, puesto a prueba, ofreci\u00f3 a Isaac, y el que hab\u00eda recibido las promesas se dispuso a ofrecer a su \u00fanico hijo de quien se le hab\u00eda dicho: En Isaac tendr\u00e1s descendencia. Pensaba, en efecto, que Dios es poderoso incluso para resucitar de entre los muertos. Por eso lo recobr\u00f3 y fue como un s\u00edmbolo.\u00a0<\/p>\n\n\n\n<p>Por la fe, Isaac dio la bendici\u00f3n de los bienes futuros a Jacob y Esa\u00fa. Por la fe, Jacob, al morir, bendijo a cada uno de los hijos de Jos\u00e9 y le ador\u00f3 apoyado sobre el extremo de su bast\u00f3n. Por la fe, Jos\u00e9, a punto de morir, record\u00f3 el \u00e9xodo de los hijos de Israel y dio disposiciones sobre sus restos mortales.\u00a0<\/p>\n\n\n\n<p>Por la fe, Mois\u00e9s, reci\u00e9n nacido, fue ocultado durante tres meses por sus padres, porque vieron que el ni\u00f1o era hermoso, y no temieron el edicto del rey. Por la fe, Mois\u00e9s, ya adulto, se neg\u00f3 a ser llamado hijo de la hija del Fara\u00f3n, y prefiri\u00f3 verse maltratado con el pueblo de Dios que disfrutar el goce pasajero del pecado, estimando que el oprobio de Cristo era riqueza mayor que los tesoros de Egipto, porque ten\u00eda la mirada puesta en la recompensa. Por la fe, sali\u00f3 de Egipto sin temer la c\u00f3lera del rey, y se mantuvo firme como quien ve al invisible.\u00a0<\/p>\n\n\n\n<p>Por la fe, celebr\u00f3 la Pascua y la aspersi\u00f3n de la sangre, para que el exterminador no tocara a sus primog\u00e9nitos. Por la fe, cruzaron el Mar Rojo como si fuera tierra seca, mientras que los egipcios que lo intentaron fueron tragados por las aguas.\u00a0<\/p>\n\n\n\n<p>Por la fe, se derrumbaron los muros de Jeric\u00f3 despu\u00e9s de dar vueltas alrededor de ellos durante siete d\u00edas.\u00a0<\/p>\n\n\n\n<p>Por la fe, Rahab, la meretriz, no pereci\u00f3 con los incr\u00e9dulos, por haber acogido en son de paz a los exploradores.\u00a0<\/p>\n\n\n\n<p>\u00bfQu\u00e9 m\u00e1s dir\u00e9? Me faltar\u00eda tiempo si tuviera que hablar de Gede\u00f3n, Barac, Sans\u00f3n, Jeft\u00e9, David, Samuel y los Profetas, que por la fe sometieron reinos, ejercieron la justicia, alcanzaron las promesas, cerraron bocas de leones, apagaron la violencia del fuego, escaparon del filo de la espada, se curaron de sus enfermedades, fueron valientes en la guerra y abatieron ej\u00e9rcitos extranjeros. Hubo mujeres que recuperaron resucitados a sus muertos. Algunos fueron torturados, porque rehusaron la liberaci\u00f3n para lograr una resurrecci\u00f3n mejor. Otros soportaron escarnios y azotes, e incluso cadenas y c\u00e1rcel. Fueron apedreados, aserrados, muertos a espada, anduvieron errantes cubiertos con pieles de oveja y de cabra, necesitados, atribulados y maltratados \u2014\u00a1el mundo no era digno de ellos!\u2014, perdidos por desiertos y montes, por cuevas y cavernas de la tierra.\u00a0<\/p>\n\n\n\n<p>Y aunque todos recibieron alabanza por su fe, no obtuvieron sin embargo la promesa. Dios hab\u00eda previsto algo mejor para nosotros, de forma que ellos no llegaran a la perfecci\u00f3n sin nosotros.\u00a0<\/p>\n<\/blockquote>\n","protected":false},"excerpt":{"rendered":"<p>Creo firmemente en la Iglesia, en Jes\u00fas, en la salvaci\u00f3n que se nos ha presentado por medio de \u00e9l. Pero no ciegamente. Creer en lo que es la verdad ciegamente es una gracia con la que algunos cuentan, pero la mayor\u00eda de nosotros hemos tenido o tendremos dudas en alg\u00fan&hellip;<\/p>\n","protected":false},"author":1,"featured_media":0,"comment_status":"open","ping_status":"open","sticky":false,"template":"","format":"standard","meta":{"_monsterinsights_skip_tracking":false,"_monsterinsights_sitenote_active":false,"_monsterinsights_sitenote_note":"","_monsterinsights_sitenote_category":0,"footnotes":""},"categories":[7],"tags":[],"aioseo_notices":[],"_links":{"self":[{"href":"https:\/\/amicatcat.blog\/index.php?rest_route=\/wp\/v2\/posts\/59"}],"collection":[{"href":"https:\/\/amicatcat.blog\/index.php?rest_route=\/wp\/v2\/posts"}],"about":[{"href":"https:\/\/amicatcat.blog\/index.php?rest_route=\/wp\/v2\/types\/post"}],"author":[{"embeddable":true,"href":"https:\/\/amicatcat.blog\/index.php?rest_route=\/wp\/v2\/users\/1"}],"replies":[{"embeddable":true,"href":"https:\/\/amicatcat.blog\/index.php?rest_route=%2Fwp%2Fv2%2Fcomments&post=59"}],"version-history":[{"count":3,"href":"https:\/\/amicatcat.blog\/index.php?rest_route=\/wp\/v2\/posts\/59\/revisions"}],"predecessor-version":[{"id":63,"href":"https:\/\/amicatcat.blog\/index.php?rest_route=\/wp\/v2\/posts\/59\/revisions\/63"}],"wp:attachment":[{"href":"https:\/\/amicatcat.blog\/index.php?rest_route=%2Fwp%2Fv2%2Fmedia&parent=59"}],"wp:term":[{"taxonomy":"category","embeddable":true,"href":"https:\/\/amicatcat.blog\/index.php?rest_route=%2Fwp%2Fv2%2Fcategories&post=59"},{"taxonomy":"post_tag","embeddable":true,"href":"https:\/\/amicatcat.blog\/index.php?rest_route=%2Fwp%2Fv2%2Ftags&post=59"}],"curies":[{"name":"wp","href":"https:\/\/api.w.org\/{rel}","templated":true}]}}